{"id":2384,"date":"2023-11-29T13:55:22","date_gmt":"2023-11-29T13:55:22","guid":{"rendered":"https:\/\/cnaob.ro\/wp\/?p=2384"},"modified":"2023-12-10T15:08:40","modified_gmt":"2023-12-10T15:08:40","slug":"elementor-2384","status":"publish","type":"post","link":"https:\/\/cnaob.ro\/wp\/elementor-2384\/","title":{"rendered":"Recital de Canto"},"content":{"rendered":"\t\t<div data-elementor-type=\"wp-post\" data-elementor-id=\"2384\" class=\"elementor elementor-2384\">\n\t\t\t\t\t\t\t\t\t<section class=\"elementor-section elementor-top-section elementor-element elementor-element-c350c9f elementor-section-boxed elementor-section-height-default elementor-section-height-default\" data-id=\"c350c9f\" data-element_type=\"section\">\n\t\t\t\t\t\t<div class=\"elementor-container elementor-column-gap-default\">\n\t\t\t\t\t<div class=\"elementor-column elementor-col-100 elementor-top-column elementor-element elementor-element-f8545f2\" data-id=\"f8545f2\" data-element_type=\"column\">\n\t\t\t<div class=\"elementor-widget-wrap elementor-element-populated\">\n\t\t\t\t\t\t\t\t<div class=\"elementor-element elementor-element-bb02338 elementor-widget elementor-widget-heading\" data-id=\"bb02338\" data-element_type=\"widget\" data-widget_type=\"heading.default\">\n\t\t\t\t<div class=\"elementor-widget-container\">\n\t\t\t<style>\/*! elementor - v3.6.6 - 08-06-2022 *\/\n.elementor-heading-title{padding:0;margin:0;line-height:1}.elementor-widget-heading .elementor-heading-title[class*=elementor-size-]>a{color:inherit;font-size:inherit;line-height:inherit}.elementor-widget-heading .elementor-heading-title.elementor-size-small{font-size:15px}.elementor-widget-heading .elementor-heading-title.elementor-size-medium{font-size:19px}.elementor-widget-heading .elementor-heading-title.elementor-size-large{font-size:29px}.elementor-widget-heading .elementor-heading-title.elementor-size-xl{font-size:39px}.elementor-widget-heading .elementor-heading-title.elementor-size-xxl{font-size:59px}<\/style><h2 class=\"elementor-heading-title elementor-size-default\">Recital de Canto dedicat Zilei Na\u021bionale a Rom\u00e2niei \u0219i S\u0103rb\u0103torilor de iarn\u0103<\/h2>\t\t<\/div>\n\t\t\t\t<\/div>\n\t\t\t\t\t<\/div>\n\t\t<\/div>\n\t\t\t\t\t\t\t<\/div>\n\t\t<\/section>\n\t\t\t\t<section class=\"elementor-section elementor-top-section elementor-element elementor-element-c4a77e9 elementor-section-boxed elementor-section-height-default elementor-section-height-default\" data-id=\"c4a77e9\" data-element_type=\"section\">\n\t\t\t\t\t\t<div class=\"elementor-container elementor-column-gap-default\">\n\t\t\t\t\t<div class=\"elementor-column elementor-col-100 elementor-top-column elementor-element elementor-element-ca28737\" data-id=\"ca28737\" data-element_type=\"column\">\n\t\t\t<div class=\"elementor-widget-wrap elementor-element-populated\">\n\t\t\t\t\t\t\t\t<div class=\"elementor-element elementor-element-a50d8ae elementor-widget elementor-widget-text-editor\" data-id=\"a50d8ae\" data-element_type=\"widget\" data-widget_type=\"text-editor.default\">\n\t\t\t\t<div class=\"elementor-widget-container\">\n\t\t\t<style>\/*! elementor - v3.6.6 - 08-06-2022 *\/\n.elementor-widget-text-editor.elementor-drop-cap-view-stacked .elementor-drop-cap{background-color:#818a91;color:#fff}.elementor-widget-text-editor.elementor-drop-cap-view-framed .elementor-drop-cap{color:#818a91;border:3px solid;background-color:transparent}.elementor-widget-text-editor:not(.elementor-drop-cap-view-default) .elementor-drop-cap{margin-top:8px}.elementor-widget-text-editor:not(.elementor-drop-cap-view-default) .elementor-drop-cap-letter{width:1em;height:1em}.elementor-widget-text-editor .elementor-drop-cap{float:left;text-align:center;line-height:1;font-size:50px}.elementor-widget-text-editor .elementor-drop-cap-letter{display:inline-block}<\/style>\t\t\t\t<div><div dir=\"auto\"><img loading=\"lazy\" decoding=\"async\" src=\"https:\/\/static.xx.fbcdn.net\/images\/emoji.php\/v9\/tbe\/2\/16\/1f3b6.png\" alt=\"\ud83c\udfb6\" width=\"16\" height=\"16\" \/> <b>At\u00e2t S\u0103rb\u0103torile na\u021bionale, c\u00e2t \u0219i cele religioase<\/b> ne \u00eendeamn\u0103 s\u0103 cuget\u0103m la profunzimea acestei perioade \u0219i s\u0103 o \u00eennobil\u0103m prin ceea ce avem noi mai frumos ca neam \u0219i s\u0103-i aducem un omagiu, a\u0219a cum \u0219tim mai bine, prin c\u00e2ntec. <br \/><br \/><img loading=\"lazy\" decoding=\"async\" src=\"https:\/\/static.xx.fbcdn.net\/images\/emoji.php\/v9\/t1d\/2\/16\/1f3a4.png\" alt=\"\ud83c\udfa4\" width=\"16\" height=\"16\" \/>\u00a0<img loading=\"lazy\" decoding=\"async\" src=\"https:\/\/static.xx.fbcdn.net\/images\/emoji.php\/v9\/ted\/2\/16\/2764.png\" alt=\"\u2764\ufe0f\" width=\"16\" height=\"16\" \/>\u00a0<img loading=\"lazy\" decoding=\"async\" src=\"https:\/\/static.xx.fbcdn.net\/images\/emoji.php\/v9\/tb4\/2\/16\/1f49b.png\" alt=\"\ud83d\udc9b\" width=\"16\" height=\"16\" \/>\u00a0<img loading=\"lazy\" decoding=\"async\" src=\"https:\/\/static.xx.fbcdn.net\/images\/emoji.php\/v9\/tb\/2\/16\/1f499.png\" alt=\"\ud83d\udc99\" width=\"16\" height=\"16\" \/><br \/>Colegiul nostru v\u0103 propune, din nou , o incursiune profund\u0103 \u00een frumuse\u021bea \u0219i bog\u0103\u021bia noastr\u0103 cultural\u0103.<br \/><br \/><\/div><\/div><div><div dir=\"auto\"><img loading=\"lazy\" decoding=\"async\" src=\"https:\/\/static.xx.fbcdn.net\/images\/emoji.php\/v9\/t41\/2\/16\/1f3b9.png\" alt=\"\ud83c\udfb9\" width=\"16\" height=\"16\" \/> A\u0219adar, <b>Catedra de Canto<\/b> v\u0103 invit\u0103 s\u0103 \u00eemp\u0103rt\u0103\u0219im \u00eempreun\u0103 bucuria s\u0103rb\u0103torilor, \u00eentr-un recital dedicat <br \/>Zilei Na\u021bionale a Rom\u00e2niei \u0219i s\u0103rb\u0103torilor de iarn\u0103. <br \/><br \/><b>Spectacolul a avut loc:<\/b><br \/>Mar\u021bi, 5 decembrie l, ora 17:00, <br \/>\u00een Sala Eduard Caudella &#8211; Casa Bal\u0219, str. Cuza-Vod\u0103, nr. 29<\/div><\/div>\t\t\t\t\t\t<\/div>\n\t\t\t\t<\/div>\n\t\t\t\t\t<\/div>\n\t\t<\/div>\n\t\t\t\t\t\t\t<\/div>\n\t\t<\/section>\n\t\t\t\t<section class=\"elementor-section elementor-top-section elementor-element elementor-element-3c56b63 elementor-section-boxed elementor-section-height-default elementor-section-height-default\" data-id=\"3c56b63\" data-element_type=\"section\">\n\t\t\t\t\t\t<div class=\"elementor-container elementor-column-gap-default\">\n\t\t\t\t\t<div class=\"elementor-column elementor-col-100 elementor-top-column elementor-element elementor-element-08b4baa\" data-id=\"08b4baa\" data-element_type=\"column\">\n\t\t\t<div class=\"elementor-widget-wrap elementor-element-populated\">\n\t\t\t\t\t\t\t\t<div class=\"elementor-element elementor-element-e7c8e96 elementor-widget elementor-widget-image\" data-id=\"e7c8e96\" data-element_type=\"widget\" data-widget_type=\"image.default\">\n\t\t\t\t<div class=\"elementor-widget-container\">\n\t\t\t<style>\/*! elementor - v3.6.6 - 08-06-2022 *\/\n.elementor-widget-image{text-align:center}.elementor-widget-image a{display:inline-block}.elementor-widget-image a img[src$=\".svg\"]{width:48px}.elementor-widget-image img{vertical-align:middle;display:inline-block}<\/style>\t\t\t\t\t\t\t\t\t\t\t\t<img decoding=\"async\" src=\"https:\/\/cnaob.ro\/wp\/wp-content\/uploads\/elementor\/thumbs\/406006498_294632740229064_6913906776281514593_n-qglxspvcqfyy9i1sy29cbrkluo3wuwvdilexe16122.jpg\" title=\"Recital de canto &#8211; Afis\" alt=\"Recital de canto - Afis\" \/>\t\t\t\t\t\t\t\t\t\t\t\t\t\t\t<\/div>\n\t\t\t\t<\/div>\n\t\t\t\t\t<\/div>\n\t\t<\/div>\n\t\t\t\t\t\t\t<\/div>\n\t\t<\/section>\n\t\t\t\t\t\t\t<\/div>\n\t\t","protected":false},"excerpt":{"rendered":"<p>Recital de Canto dedicat Zilei Na\u021bionale a Rom\u00e2niei \u0219i S\u0103rb\u0103torilor de iarn\u0103 At\u00e2t S\u0103rb\u0103torile na\u021bionale, c\u00e2t \u0219i cele religioase ne \u00eendeamn\u0103 s\u0103 cuget\u0103m la profunzimea acestei perioade \u0219i s\u0103 o [&hellip;]<\/p>\n","protected":false},"author":1,"featured_media":2388,"comment_status":"closed","ping_status":"closed","sticky":false,"template":"","format":"standard","meta":{"ngg_post_thumbnail":0,"footnotes":""},"categories":[17],"tags":[],"class_list":["post-2384","post","type-post","status-publish","format-standard","has-post-thumbnail","hentry","category-interpretare-muzicala","rishi-post"],"rishi__cb_customizer_meta":"","_links":{"self":[{"href":"https:\/\/cnaob.ro\/wp\/wp-json\/wp\/v2\/posts\/2384","targetHints":{"allow":["GET"]}}],"collection":[{"href":"https:\/\/cnaob.ro\/wp\/wp-json\/wp\/v2\/posts"}],"about":[{"href":"https:\/\/cnaob.ro\/wp\/wp-json\/wp\/v2\/types\/post"}],"author":[{"embeddable":true,"href":"https:\/\/cnaob.ro\/wp\/wp-json\/wp\/v2\/users\/1"}],"replies":[{"embeddable":true,"href":"https:\/\/cnaob.ro\/wp\/wp-json\/wp\/v2\/comments?post=2384"}],"version-history":[{"count":12,"href":"https:\/\/cnaob.ro\/wp\/wp-json\/wp\/v2\/posts\/2384\/revisions"}],"predecessor-version":[{"id":2397,"href":"https:\/\/cnaob.ro\/wp\/wp-json\/wp\/v2\/posts\/2384\/revisions\/2397"}],"wp:featuredmedia":[{"embeddable":true,"href":"https:\/\/cnaob.ro\/wp\/wp-json\/wp\/v2\/media\/2388"}],"wp:attachment":[{"href":"https:\/\/cnaob.ro\/wp\/wp-json\/wp\/v2\/media?parent=2384"}],"wp:term":[{"taxonomy":"category","embeddable":true,"href":"https:\/\/cnaob.ro\/wp\/wp-json\/wp\/v2\/categories?post=2384"},{"taxonomy":"post_tag","embeddable":true,"href":"https:\/\/cnaob.ro\/wp\/wp-json\/wp\/v2\/tags?post=2384"}],"curies":[{"name":"wp","href":"https:\/\/api.w.org\/{rel}","templated":true}]}}